{"id":122,"date":"2023-07-11T09:47:07","date_gmt":"2023-07-11T09:47:07","guid":{"rendered":"https:\/\/el-raconet.com\/?p=122"},"modified":"2023-08-07T10:30:45","modified_gmt":"2023-08-07T10:30:45","slug":"el-problema-de-fermat","status":"publish","type":"post","link":"https:\/\/el-raconet.com\/index.php\/2023\/07\/11\/el-problema-de-fermat\/","title":{"rendered":"El problema de Fermat"},"content":{"rendered":"\n<p>Aquest \u00e9s un dels problemes m\u00e9s interessants i divertits de fer que surten a la <strong>pel\u00b7l\u00edcula<\/strong> &#8220;<em>La habitaci\u00f3n de Fermat<\/em>&#8220;, dirigida per <strong>Luis Piedrahita<\/strong> l&#8217;any 2007, molt recomanable pels amants dels problemes matem\u00e0tics que et fan pensar una bona estona.<\/p>\n\n\n\n<p>El <strong>problema <\/strong>diu aix\u00ed:<\/p>\n\n\n\n<div class=\"wp-block-group\"><div class=\"wp-block-group__inner-container is-layout-constrained wp-block-group-is-layout-constrained\">\n<p><em>Un pastisser rep <strong>tres capses opaques<\/strong>:<\/em><\/p>\n\n\n\n<p>U<em>na cont\u00e9 caramels de <strong>menta<\/strong>, una altra caramels d&#8217;<strong>an\u00eds<\/strong> i la restant, un assortiment de <strong>menta i an\u00eds<\/strong> (barrejats). Les capses tenen etiquetes on posa &#8220;Menta&#8221;, &#8220;An\u00eds&#8221; i &#8220;Barreja&#8221;, per\u00f2 el pastisser rep l&#8217;av\u00eds que les etiquetes estan <strong>totes mal posades<\/strong>. <\/em><\/p>\n\n\n\n<p><em>Quants <strong>caramels<\/strong> haur\u00e0 de treure com a <strong>m\u00ednim <\/strong>per saber quina \u00e9s l&#8217;<strong>etiqueta correcta<\/strong> de cada capsa?<\/em><\/p>\n<\/div><\/div>\n\n\n\n<p>Podeu trobar la soluci\u00f3 al final d&#8217;aquest v\u00eddeo:<\/p>\n\n\n\n<figure class=\"wp-block-embed is-type-video is-provider-youtube wp-block-embed-youtube wp-embed-aspect-16-9 wp-has-aspect-ratio\"><div class=\"wp-block-embed__wrapper\">\n<iframe loading=\"lazy\" title=\"EL PROBLEMA DE FERMAT | Problemes matem\u00e0tics\" width=\"640\" height=\"360\" src=\"https:\/\/www.youtube.com\/embed\/55K2sTSeJ5I?feature=oembed\" frameborder=\"0\" allow=\"accelerometer; autoplay; clipboard-write; encrypted-media; gyroscope; picture-in-picture; web-share\" referrerpolicy=\"strict-origin-when-cross-origin\" allowfullscreen><\/iframe>\n<\/div><\/figure>\n","protected":false},"excerpt":{"rendered":"<p>Aquest \u00e9s un dels problemes m\u00e9s interessants i divertits de fer que surten a la pel\u00b7l\u00edcula &#8220;La habitaci\u00f3n de Fermat&#8221;, dirigida per Luis Piedrahita l&#8217;any 2007.<\/p>\n","protected":false},"author":1,"featured_media":335,"comment_status":"open","ping_status":"open","sticky":false,"template":"","format":"standard","meta":{"footnotes":""},"categories":[16],"tags":[10,17,5,6],"class_list":["post-122","post","type-post","status-publish","format-standard","has-post-thumbnail","hentry","category-reptes-de-logica","tag-eso","tag-logica","tag-matematiques","tag-primaria"],"aioseo_notices":[],"_links":{"self":[{"href":"https:\/\/el-raconet.com\/index.php\/wp-json\/wp\/v2\/posts\/122","targetHints":{"allow":["GET"]}}],"collection":[{"href":"https:\/\/el-raconet.com\/index.php\/wp-json\/wp\/v2\/posts"}],"about":[{"href":"https:\/\/el-raconet.com\/index.php\/wp-json\/wp\/v2\/types\/post"}],"author":[{"embeddable":true,"href":"https:\/\/el-raconet.com\/index.php\/wp-json\/wp\/v2\/users\/1"}],"replies":[{"embeddable":true,"href":"https:\/\/el-raconet.com\/index.php\/wp-json\/wp\/v2\/comments?post=122"}],"version-history":[{"count":2,"href":"https:\/\/el-raconet.com\/index.php\/wp-json\/wp\/v2\/posts\/122\/revisions"}],"predecessor-version":[{"id":138,"href":"https:\/\/el-raconet.com\/index.php\/wp-json\/wp\/v2\/posts\/122\/revisions\/138"}],"wp:featuredmedia":[{"embeddable":true,"href":"https:\/\/el-raconet.com\/index.php\/wp-json\/wp\/v2\/media\/335"}],"wp:attachment":[{"href":"https:\/\/el-raconet.com\/index.php\/wp-json\/wp\/v2\/media?parent=122"}],"wp:term":[{"taxonomy":"category","embeddable":true,"href":"https:\/\/el-raconet.com\/index.php\/wp-json\/wp\/v2\/categories?post=122"},{"taxonomy":"post_tag","embeddable":true,"href":"https:\/\/el-raconet.com\/index.php\/wp-json\/wp\/v2\/tags?post=122"}],"curies":[{"name":"wp","href":"https:\/\/api.w.org\/{rel}","templated":true}]}}